[{"@context":"https:\/\/schema.org\/","@type":"Article","@id":"https:\/\/www.babako.cz\/kdyz-slunce-pali\/#Article","mainEntityOfPage":"https:\/\/www.babako.cz\/kdyz-slunce-pali\/","headline":"Kdy\u017e slunce p\u00e1l\u00ed","name":"Kdy\u017e slunce p\u00e1l\u00ed","description":"Od jarn\u00edch dn\u016f, kdy za\u010d\u00edn\u00e1 s\u00edlit intenzita slune\u010dn\u00edch paprsk\u016f, a\u017e do bab\u00edho l\u00e9ta jsou na\u0161e vlasy ohro\u017eeny dehydratac\u00ed. Na letn\u00ed dovolen\u00e9 je k tomu je\u0161t\u011b vysu\u0161uje slan\u00e1 nebo chlorovan\u00e1 voda a v\u00edtr. UV z\u00e1\u0159en\u00ed pronik\u00e1 a\u017e do vnit\u0159n\u00ed struktury vlasu a ni\u010d\u00ed ho a\u017e ke ko\u0159\u00ednku t\u00edm, \u017ee naru\u0161uje vlasov\u00fd <a href=\"https:\/\/www.babako.cz\/kdyz-slunce-pali\/\" class=\"btn btn-link continue-link\">Continue Reading<\/a>","datePublished":"2019-02-19","dateModified":"2019-02-19","author":{"@type":"Person","@id":"https:\/\/www.babako.cz\/author\/#Person","name":"","url":"https:\/\/www.babako.cz\/author\/","identifier":1,"image":{"@type":"ImageObject","@id":"https:\/\/secure.gravatar.com\/avatar\/9bbe1b3bd68cf5b616cc697a459b86e3be4df6c120806baf939f8aad94b0a3d6?s=96&d=mm&r=g","url":"https:\/\/secure.gravatar.com\/avatar\/9bbe1b3bd68cf5b616cc697a459b86e3be4df6c120806baf939f8aad94b0a3d6?s=96&d=mm&r=g","height":96,"width":96}},"publisher":{"@type":"Organization","name":"babako.cz","logo":{"@type":"ImageObject","@id":"\/logo.png","url":"\/logo.png","width":600,"height":60}},"image":{"@type":"ImageObject","@id":"https:\/\/www.babako.cz\/wp-content\/uploads\/img_a337200_w2452_t1550417524.jpg","url":"https:\/\/www.babako.cz\/wp-content\/uploads\/img_a337200_w2452_t1550417524.jpg","height":0,"width":0},"url":"https:\/\/www.babako.cz\/kdyz-slunce-pali\/","wordCount":410,"articleBody":"Od jarn\u00edch dn\u016f, kdy za\u010d\u00edn\u00e1 s\u00edlit intenzita slune\u010dn\u00edch paprsk\u016f, a\u017e do bab\u00edho l\u00e9ta jsou na\u0161e vlasy ohro\u017eeny dehydratac\u00ed. Na letn\u00ed dovolen\u00e9 je k tomu je\u0161t\u011b vysu\u0161uje slan\u00e1 nebo chlorovan\u00e1 voda a v\u00edtr. UV z\u00e1\u0159en\u00ed pronik\u00e1 a\u017e do vnit\u0159n\u00ed struktury vlasu a ni\u010d\u00ed ho a\u017e ke ko\u0159\u00ednku t\u00edm, \u017ee naru\u0161uje vlasov\u00fd protein. Vlasy po\u0161kozen\u00e9 vysu\u0161ov\u00e1n\u00edm ztr\u00e1cej\u00ed pru\u017enost a lesk a doch\u00e1z\u00ed k jejich oslaben\u00ed. Bezprost\u0159edn\u011b p\u0159ed dovolenou necho\u010fte ke kade\u0159nici na barven\u00ed vlas\u016f. P\u0159i slune\u010dn\u00ed expozici se barva z t\u00f3novan\u00fdch vlas\u016f rychleji vym\u00fdv\u00e1, u nebarven\u00fdch vlas\u016f p\u0159irozen\u00e1 barva zesv\u011btl\u00e1, proto\u017ee doch\u00e1z\u00ed k rozkladu vlasov\u00e9ho barviva. Je\u0161t\u011b v\u00edce na slunci trp\u00ed zesv\u011btlovan\u00e9 vlasy, kter\u00e9 jsou u\u017e naru\u0161eny chemick\u00fdmi p\u0159\u00edpravky. Pokud nev\u00edte, , pak pr\u00e1v\u011b v\u00e1m jsou ur\u010deny n\u00e1sleduj\u00edc\u00ed \u0159\u00e1dky. \u00b7 V hork\u00fdch letn\u00edch dnech nevystavujte sv\u00e9 vlasy p\u0159\u00edm\u00e9mu slune\u010dn\u00edmu \u00fapalu, ale ur\u010dit\u011b si po\u0159i\u010fte elegantn\u00ed pokr\u00fdvku hlavy. Klobouky jsou v m\u00f3d\u011b nejen tuto sez\u00f3nu a ka\u017ed\u00e1 \u017eena si vybere alespo\u0148 jeden slu\u0161iv\u00fd model. \u00b7 Na pl\u00e1\u017ei necho\u010fte s vlasy st\u00e1le sv\u00e1zan\u00fdmi do cul\u00edku nebo drdolu, ale nechte je voln\u011b schnout na vzduchu a ve st\u00ednu. N\u00e1sledn\u011b dop\u0159ejte sv\u00fdm vlas\u016fm kvalitn\u00ed p\u00e9\u010di v podob\u011b slune\u010dn\u00ed kosmetiky. \u00b7 Zvol\u00edte-li dobr\u00fd \u0161ampon, poda\u0159\u00ed se v\u00e1m z vlas\u016f \u00fa\u010dinn\u011b vym\u00fdt zbytky mo\u0159sk\u00e9 soli nebo chl\u00f3ru. Rozhodn\u011b pou\u017eijte kondicion\u00e9r pro snadn\u00e9 roz\u010des\u00e1v\u00e1n\u00ed nebo masku s hydrata\u010dn\u00ed a vy\u017eivuj\u00edc\u00ed slo\u017ekou, ide\u00e1ln\u011b pak celou \u0159adu p\u0159\u00edpravk\u016f s UV filtrem. Existuje cel\u00e1 \u0159ada v\u00fdrobk\u016f profesion\u00e1ln\u00ed vlasov\u00e9 kosmetiky ur\u010den\u00fdch k regeneraci vlas\u016f, kter\u00e9 m\u016f\u017eete pou\u017e\u00edvat b\u011bhem dne. Ochrann\u00e9 spreje, kr\u00e9my, s\u00e9ra nebo vosky vytvo\u0159\u00ed na vlasech ochrann\u00fd film. Pokud s pot\u011b\u0161en\u00edm nastavujeme sv\u00e9 t\u011blo i vlasy tepl\u00fdm slune\u010dn\u00edm paprsk\u016fm, mus\u00edme je tak\u00e9 p\u0159ed nimi chr\u00e1nit. P\u0159i spr\u00e1vn\u00e9 hydrata\u010dn\u00ed p\u00e9\u010di je dok\u00e1\u017eeme cel\u00e9 l\u00e9to udr\u017eet v dobr\u00e9 kondici. Bez kvalitn\u00edch opalovac\u00edch kr\u00e9m\u016f a ochrann\u00e9 vlasov\u00e9 kosmetiky se v l\u00e9t\u011b zkr\u00e1tka neobjedeme."},{"@context":"https:\/\/schema.org\/","@type":"BreadcrumbList","itemListElement":[{"@type":"ListItem","position":1,"name":"Kdy\u017e slunce p\u00e1l\u00ed","item":"https:\/\/www.babako.cz\/kdyz-slunce-pali\/#breadcrumbitem"}]}]