[{"@context":"https:\/\/schema.org\/","@type":"Article","@id":"https:\/\/www.babako.cz\/teply-fleece\/#Article","mainEntityOfPage":"https:\/\/www.babako.cz\/teply-fleece\/","headline":"Tepl\u00fd fleece","name":"Tepl\u00fd fleece","description":"V\u017edycky jsem cht\u011bla n\u011bco vyr\u00e1b\u011bt. Na z\u00e1kladn\u00ed \u0161kole jsem moc r\u00e1da m\u011bla praktick\u00e9 \u010dinnosti, a to znamen\u00e1, \u017ee jsme tam va\u0159ili nebo tak\u00e9 n\u011bco vyr\u00e1b\u011bli z kartonu nebo z pap\u00edru. A tak\u00e9 jsme n\u011bkdy pou\u017e\u00edvali l\u00e1tky, jak oby\u010dejn\u00e9 l\u00e1tky, kter\u00e9 byly pou\u017eity jako nap\u0159\u00edklad d\u011btsk\u00e9 pleny. Samoz\u0159ejm\u011b ale \u010dist\u00e9 nebo <a href=\"https:\/\/www.babako.cz\/teply-fleece\/\" class=\"btn btn-link continue-link\">Continue Reading<\/a>","datePublished":"2026-01-02","dateModified":"2026-01-02","author":{"@type":"Person","@id":"https:\/\/www.babako.cz\/author\/#Person","name":"","url":"https:\/\/www.babako.cz\/author\/","identifier":1,"image":{"@type":"ImageObject","@id":"https:\/\/secure.gravatar.com\/avatar\/9bbe1b3bd68cf5b616cc697a459b86e3be4df6c120806baf939f8aad94b0a3d6?s=96&d=mm&r=g","url":"https:\/\/secure.gravatar.com\/avatar\/9bbe1b3bd68cf5b616cc697a459b86e3be4df6c120806baf939f8aad94b0a3d6?s=96&d=mm&r=g","height":96,"width":96}},"publisher":{"@type":"Organization","name":"babako.cz","logo":{"@type":"ImageObject","@id":"\/logo.png","url":"\/logo.png","width":600,"height":60}},"image":{"@type":"ImageObject","@id":"https:\/\/www.babako.cz\/wp-content\/uploads\/fleece.jpg","url":"https:\/\/www.babako.cz\/wp-content\/uploads\/fleece.jpg","height":0,"width":0},"url":"https:\/\/www.babako.cz\/teply-fleece\/","about":["N\u00e1kupy"],"wordCount":456,"articleBody":"         V\u017edycky jsem cht\u011bla n\u011bco vyr\u00e1b\u011bt. Na z\u00e1kladn\u00ed \u0161kole jsem moc r\u00e1da m\u011bla praktick\u00e9 \u010dinnosti, a to znamen\u00e1, \u017ee jsme tam va\u0159ili nebo tak\u00e9 n\u011bco vyr\u00e1b\u011bli z kartonu nebo z pap\u00edru. A tak\u00e9 jsme n\u011bkdy pou\u017e\u00edvali l\u00e1tky, jak oby\u010dejn\u00e9 l\u00e1tky, kter\u00e9 byly pou\u017eity jako nap\u0159\u00edklad d\u011btsk\u00e9 pleny. Samoz\u0159ejm\u011b ale \u010dist\u00e9 nebo tak\u00e9 metr\u00e1\u017eov\u00e9 l\u00e1tky. Tak\u00e9 jsme tam od pan\u00ed u\u010ditelky m\u011bli dekora\u010dn\u00ed l\u00e1tky. Samoz\u0159ejm\u011b, \u017ee m\u011b jako d\u00edt\u011b to velice bavilo a mysl\u00edm si, \u017ee mi to z\u016fstalo opravdu hodn\u011b dlouho, proto\u017ee m\u00e1m doma tak\u00e9 \u0161ic\u00ed stroj a st\u00e1le n\u011bco zkou\u0161\u00edm. Poda\u0159\u00ed se mi v\u017edycky u\u0161\u00edt t\u0159eba n\u011bco na ply\u0161ov\u00e9 hra\u010dky nebo na panenky.A v posledn\u00ed dob\u011b tak\u00e9 moc r\u00e1da vyr\u00e1b\u00edm r\u016fzn\u00e9 v\u00fdrobky na pejsky a ko\u010di\u010dky, t\u0159eba z r\u016fzn\u00fdch kvalitn\u00edch bio l\u00e1tek a nebo z ka\u0161m\u00edru i z vlny. Se\u0161\u00edv\u00e1m nebo pletu r\u016fzn\u00e9 oble\u010dky pro pejsky. I z tepl\u00e9ho fleecu. Tak\u00e9 jsem dokonce u\u0161ila \u010depi\u010dku pro miminko, kdy\u017e se kamar\u00e1dce narodilo a mysl\u00edm si, \u017ee byla opravdu hodn\u011b nad\u0161en\u00e1. J\u00e1 sama za sebe doporu\u010duji, abyste si t\u0159eba v galanterii koupili takov\u00e9 v\u00fdrobky, kter\u00e9 m\u00e1te r\u00e1di, nebo kter\u00e9 pot\u0159ebujete a kter\u00e9 se v\u00e1m l\u00edb\u00ed. Ur\u010dit\u011b mi jist\u011b d\u00e1te za pravdu, \u017ee d\u0159\u00edve se prod\u00e1valy opravdu hodn\u011b kvalitn\u00ed a dekora\u010dn\u00ed l\u00e1tky, kter\u00e9 se d\u00e1valy na televizi nebo na n\u011bjak\u00e9 poli\u010dky.Nyn\u00ed u\u017e se to tam ned\u00e1v\u00e1, proto\u017ee je to takov\u00e9 zastaral\u00e9 a je to retro. Ale mysl\u00edm si, \u017ee stejn\u011b postupem \u010dasu se to v\u0161echno vr\u00e1t\u00ed zp\u00e1tky do m\u00f3dy a bude to popul\u00e1rn\u00ed a j\u00e1 budu m\u00edt zlat\u00fd d\u016fl, proto\u017ee m\u011b tohle bav\u00ed vy\u0161\u00edvat tak\u00e9 \u0161iji z r\u016fzn\u00fdch dekora\u010dn\u00edch l\u00e1tek a nebo i z bavlny nebo ze sat\u00e9nu a hedv\u00e1b\u00ed r\u016fzn\u00e9 de\u010dky a tak podobn\u011b, proto\u017ee mi to moc bav\u00ed. A v\u011b\u0159\u00edm tomu, \u017ee pozd\u011bji se to dostane zaase do m\u00f3dy m\u00e1m toho doma opravdu hodn\u011b. Fleece https:\/\/www.prima-obchod.cz\/produkty\/latky\/fleece-kozesina\/fleece je opravdu \u00fa\u017easn\u00fd a tepl\u00fd materi\u00e1l. A fleece se hod\u00ed hlavn\u011b na zimn\u00ed oble\u010den\u00ed nebo pod\u0161\u00edvky a tak\u00e9 samoz\u0159ejm\u011b mikiny nebo jako pod\u0161\u00edvka u bundy. Samoz\u0159ejm\u011b, \u017ee se fleece hod\u00ed i pro oble\u010den\u00ed na pejsky.   "},{"@context":"https:\/\/schema.org\/","@type":"BreadcrumbList","itemListElement":[{"@type":"ListItem","position":1,"name":"Tepl\u00fd fleece","item":"https:\/\/www.babako.cz\/teply-fleece\/#breadcrumbitem"}]}]